{"id":5709,"date":"2025-02-25T14:46:30","date_gmt":"2025-02-25T13:46:30","guid":{"rendered":"https:\/\/escuelasaludable.org\/?p=5709"},"modified":"2025-02-26T13:23:17","modified_gmt":"2025-02-26T12:23:17","slug":"apaga-el-movil","status":"publish","type":"post","link":"https:\/\/escuelasaludable.org\/?p=5709","title":{"rendered":"Apaga el m\u00f3vil"},"content":{"rendered":"<p>Desde la Asociaci\u00f3n<strong> Adolescencia Libre de M\u00f3viles de la Comunidad Valenciana<\/strong> han creado este videoclip para lanzar un mensaje claro: \u00abEs hora de desconectar del m\u00f3vil y volver a conectar con la vida real. Queremos recordar la importancia de mirar a los ojos, hablar sin pantallas de por medio y disfrutar del mundo que nos rodea. Porque la mejor conexi\u00f3n no est\u00e1 en un dispositivo, sino en las personas que tenemos cerca\u00bb.<br \/>\n\u00a1Esperamos que os inspire!<\/p>\n<p><strong>Ver letra de la canci\u00f3n:<\/strong><\/p>\n<p>Dicen que el mundo cabe en una pantalla,<\/p>\n<p>que todo es m\u00e1s f\u00e1cil con solo un <em>click<\/em><\/p>\n<p>pero mientras miras el tiempo se escapa<\/p>\n<p>no ves que te pierdes lo que hay aqu\u00ed<\/p>\n<p>los <em>likes<\/em> no abrazan<\/p>\n<p>no curan heridas<\/p>\n<p>no dan la risa de un buen amigo<\/p>\n<p>las redes Te atan<\/p>\n<p>te roban la vida<\/p>\n<p>mientras el mundo pasa contigo<\/p>\n<p>Apaga el m\u00f3vil<\/p>\n<p>levanta la cara<\/p>\n<p>hay un mundo afuera que te reclama<\/p>\n<p>con\u00e9ctate, pero de verdad<\/p>\n<p>sin filtros sin miedos<\/p>\n<p>sin m\u00e1s pantalla<\/p>\n<p>las horas se esfuman entre notificaciones<\/p>\n<p>tus sue\u00f1os pausados por vibraciones<\/p>\n<p>la vida no es solo lo que publicas<\/p>\n<p>recuerdas como como era cuando re\u00edas<\/p>\n<p>Los <em>chats<\/em> no llenan el alma vac\u00eda<\/p>\n<p>un mensaje nunca reemplaza un d\u00eda<\/p>\n<p>camina descalzo<\/p>\n<p>respira profundo<\/p>\n<p>descubre el arte de estar en el mundo<\/p>\n<p>Apaga el m\u00f3vil<\/p>\n<p>levanta la cara<\/p>\n<p>hay un mundo afuera que te reclama<\/p>\n<p>con\u00e9ctate, pero de verdad<\/p>\n<p>sin filtros sin miedos<\/p>\n<p>sin m\u00e1s pantalla<\/p>\n<p>hablemos de frente<\/p>\n<p>toquemos las manos<\/p>\n<p>que el tiempo no vuelva a escaparse en vano<\/p>\n<p>demos un paso hacia lo real<\/p>\n<p>sin notificaciones<\/p>\n<p>solo amistad<\/p>\n<p>hablemos de frente<\/p>\n<p>toquemos las manos<\/p>\n<p>que el tiempo no vuelva a escaparse en vano<\/p>\n<p>demos un paso hacia lo real<\/p>\n<p>sin notificaciones<\/p>\n<p>solo amistad<\/p>\n<p>Apaga la luz azul de tu mente<\/p>\n<p>enciende el brillo en la gente<\/p>\n<p>la vida se vive sin tanto <em>scroll<\/em><\/p>\n<p>descubre el mundo sin control.<\/p>\n","protected":false},"excerpt":{"rendered":"<p>Desde la Asociaci\u00f3n Adolescencia Libre de M\u00f3viles de la Comunidad Valenciana han creado este videoclip para lanzar un mensaje claro: \u00abEs hora de desconectar del m\u00f3vil y volver a conectar con la vida real. Queremos recordar la importancia de mirar a los ojos, hablar sin pantallas de por medio y disfrutar del mundo que nos [&hellip;]<\/p>\n","protected":false},"author":3,"featured_media":5726,"comment_status":"closed","ping_status":"closed","sticky":false,"template":"","format":"video","meta":{"footnotes":""},"categories":[182,49],"tags":[],"class_list":["post-5709","post","type-post","status-publish","format-video","has-post-thumbnail","hentry","category-uso-de-pantallas","category-videos","post_format-post-format-video"],"_links":{"self":[{"href":"https:\/\/escuelasaludable.org\/index.php?rest_route=\/wp\/v2\/posts\/5709","targetHints":{"allow":["GET"]}}],"collection":[{"href":"https:\/\/escuelasaludable.org\/index.php?rest_route=\/wp\/v2\/posts"}],"about":[{"href":"https:\/\/escuelasaludable.org\/index.php?rest_route=\/wp\/v2\/types\/post"}],"author":[{"embeddable":true,"href":"https:\/\/escuelasaludable.org\/index.php?rest_route=\/wp\/v2\/users\/3"}],"replies":[{"embeddable":true,"href":"https:\/\/escuelasaludable.org\/index.php?rest_route=%2Fwp%2Fv2%2Fcomments&post=5709"}],"version-history":[{"count":3,"href":"https:\/\/escuelasaludable.org\/index.php?rest_route=\/wp\/v2\/posts\/5709\/revisions"}],"predecessor-version":[{"id":5728,"href":"https:\/\/escuelasaludable.org\/index.php?rest_route=\/wp\/v2\/posts\/5709\/revisions\/5728"}],"wp:featuredmedia":[{"embeddable":true,"href":"https:\/\/escuelasaludable.org\/index.php?rest_route=\/wp\/v2\/media\/5726"}],"wp:attachment":[{"href":"https:\/\/escuelasaludable.org\/index.php?rest_route=%2Fwp%2Fv2%2Fmedia&parent=5709"}],"wp:term":[{"taxonomy":"category","embeddable":true,"href":"https:\/\/escuelasaludable.org\/index.php?rest_route=%2Fwp%2Fv2%2Fcategories&post=5709"},{"taxonomy":"post_tag","embeddable":true,"href":"https:\/\/escuelasaludable.org\/index.php?rest_route=%2Fwp%2Fv2%2Ftags&post=5709"}],"curies":[{"name":"wp","href":"https:\/\/api.w.org\/{rel}","templated":true}]}}