{"id":509,"date":"2021-09-10T13:53:16","date_gmt":"2021-09-10T11:53:16","guid":{"rendered":"https:\/\/escuelasaludable.org\/?p=509"},"modified":"2022-02-03T02:08:19","modified_gmt":"2022-02-03T01:08:19","slug":"dinamarca-2","status":"publish","type":"post","link":"https:\/\/escuelasaludable.org\/?p=509","title":{"rendered":"Dinamarca"},"content":{"rendered":"<table border=\"1\">\n<tbody>\n<tr>\n<td style=\"background-color: #eddfe1; border-color: #000000;\">\n<p style=\"text-align: center;\"><strong><span style=\"font-family: arial black, sans-serif; font-size: 14pt;\">POSICIONAMIENTOS PROTECCIONISTAS EN DINAMARCA<br \/>\n<\/span><\/strong><\/p>\n<p><span style=\"font-family: verdana, geneva, sans-serif; font-size: 12pt;\"><strong>1.- <\/strong><a href=\"#antecedentes\"><strong>Antecedentes normativos y posicionamientos institucionales proteccionistas<\/strong><\/a><\/span><\/p>\n<p><span style=\"font-family: verdana, geneva, sans-serif; font-size: 12pt;\"><strong>2.- <\/strong><a href=\"#asociaciones\"><strong>Posicionamientos proteccionistas de profesionales del \u00e1mbito de la ciencia y de la salud<\/strong><\/a><strong>.<\/strong><\/span><\/td>\n<\/tr>\n<\/tbody>\n<\/table>\n<table>\n<tbody>\n<tr>\n<td><img loading=\"lazy\" decoding=\"async\" class=\"alignnone size-full wp-image-739\" src=\"https:\/\/escuelasaludable.org\/wp-content\/uploads\/2021\/10\/cohete.jpg\" alt=\"\" width=\"46\" height=\"46\" \/><\/td>\n<td><em>Si vas con prisa &#8230; <\/em>haz <strong>click<\/strong> para ver el <strong>resumen<\/strong>.<\/td>\n<\/tr>\n<tr>\n<td><img loading=\"lazy\" decoding=\"async\" class=\"alignnone wp-image-740\" src=\"https:\/\/escuelasaludable.org\/wp-content\/uploads\/2021\/10\/pdf.jpg\" alt=\"\" width=\"53\" height=\"54\" \/><\/td>\n<td><em> Puedes descargar esta p\u00e1gina en <strong>catal\u00e1n<\/strong>, <strong>castellano<\/strong> y <strong>gallego<\/strong>.<\/em><\/td>\n<\/tr>\n<\/tbody>\n<\/table>\n<h4 id=\"antecedentes\"><strong>1.- Antecedentes normativos y posicionamientos institucionales proteccionistas<\/strong><\/h4>\n<p><strong>&#8211; La Junta Nacional de Salud de Dinamarca incluye un enfoque precautorio:<\/strong><\/p>\n<p><strong><img loading=\"lazy\" decoding=\"async\" class=\"size-full wp-image-1087 alignright\" src=\"https:\/\/escuelasaludable.org\/wp-content\/uploads\/2021\/10\/altatension.br_.jpg\" alt=\"\" width=\"150\" height=\"150\" srcset=\"https:\/\/escuelasaludable.org\/wp-content\/uploads\/2021\/10\/altatension.br_.jpg 150w, https:\/\/escuelasaludable.org\/wp-content\/uploads\/2021\/10\/altatension.br_-75x75.jpg 75w\" sizes=\"auto, (max-width: 150px) 100vw, 150px\" \/>A) Respecto a la exposici\u00f3n a las l\u00edneas el\u00e9ctricas de alta tensi\u00f3n:<\/strong><\/p>\n<ul>\n<li>Sus recomendaciones de 1993 (actualizadas en 2007), establecen que \u201clas nuevas viviendas y los centros infantiles no deben ubicarse <strong>cerca de<\/strong> sistemas\/l\u00edneas de alta tensi\u00f3n existentes\u201d, y que \u201clas nuevos s\u00edstemas\/l\u00edneas de alta tensi\u00f3n no deben construirse <strong>cerca de<\/strong> las viviendas ni de centros infantiles, ya existentes\u201d<\/li>\n<li>En 2009, para garantizar dicho enfoque de precauci\u00f3n define <strong>un promedio<\/strong> <strong>anual que no debe superar los 0.4 microteslas (\u00b5T)<\/strong> en las nuevas edificaciones de viviendas y centros inf\u00e1ntiles o en las ya existentes cuando se instalen nuevos sistemas\/l\u00edneas de alta tensi\u00f3n en sus proximidades. Si se excede este valor se debe evaluar las medidas posibles para reducir la exposici\u00f3n y aplicarlas si se valoran \u00abrazonables\u00bb.<\/li>\n<\/ul>\n<p><strong>Este valor proteccionista, que atiende a la exposici\u00f3n mantenida en el tiempo (a medio y largo prazo), cuestiona la capacidad de protecci\u00f3n del l\u00edmite de 100 \u00b5T de la Recomendaci\u00f3n del Consejo Europeo 1999\/519\/EC, por estar basado en el criterio ICNIRP de 1998, que solo contempla los efectos a \u201ccorto plazo\u201d,<\/strong> es decir, solo los efectos inmediatos en la salud tales como la estimulaci\u00f3n de los m\u00fasculos y nervios perif\u00e9ricos o las descargas y quemaduras causadas por el contacto con objetos conductores.<\/p>\n<p><strong>B) Respecto a la telefon\u00eda m\u00f3vil:<\/strong><\/p>\n<ul>\n<li>En 2004, <strong>la <a href=\"https:\/\/www.sst.dk\/da\/straalebeskyttelse\/mobiltelefoni,-traadloese-netvaerk-med-mere\/~\/link.aspx?_id=860A818422D34FD495E27B902D032531&amp;_z=z\">Junta Nacional de Salud de Dinamarca<\/a> (Sundhedsstyrelsens), junto a las <a href=\"http:\/\/www.next-up.org\/pdf\/NordicMobilPress2004.pdf\">agencias n\u00f3rdicas de protecci\u00f3n radiol\u00f3gica<\/a><\/strong> [la Autoridad de Radiaci\u00f3n y Seguridad Nuclear de Finlandia (S\u00e4teilyturvakeskus), el Instituto de Protecci\u00f3n Radiol\u00f3gica de Islandia (Geislavarnir Rikisins), la Autoridad Noruega de Protecci\u00f3n Radiol\u00f3gica (Sataens str\u00e5levern) y la Autoridad de Protecci\u00f3n Radiol\u00f3gica de Suecia (Statens str\u00e5lskyddsinstitut)] <strong>plantean a las autoridades n\u00f3rdicas un <\/strong><strong>enfoque com\u00fan precautorio sobre las implicaciones de la telefon\u00eda m\u00f3vil y la salud<\/strong>:<\/li>\n<\/ul>\n<p>\u201cLas lagunas de conocimiento existentes y la incertidumbre cient\u00edfica que prevalece justifican ciertas medidas precautorias con respecto al uso de terminales de telefon\u00eda m\u00f3vil. Debido al uso generalizado de tel\u00e9fonos m\u00f3viles, incluso un riesgo muy peque\u00f1o podr\u00eda tener consecuencias para el p\u00fablico salud. Debido a la falta de conocimiento en ciertos campos de la investigaci\u00f3n de las autoridades n\u00f3rdicas encontrarlo <strong>es aconsejable utilizar, por ejemplo, un kit de manos libres que reduce la exposici\u00f3n a la cabeza significativamente<\/strong>. Esta informaci\u00f3n debe ser dirigida tanto a adultos, j\u00f3venes y ni\u00f1os. <strong>Es importante que los padres informan a los j\u00f3venes y ni\u00f1os sobre c\u00f3mo reducir la exposici\u00f3n de los tel\u00e9fonos m\u00f3viles<\/strong>\u00ab.<\/p>\n<ul>\n<li><strong><img loading=\"lazy\" decoding=\"async\" class=\"size-full wp-image-828 alignright\" src=\"https:\/\/escuelasaludable.org\/wp-content\/uploads\/2021\/10\/telm.jpg\" alt=\"\" width=\"82\" height=\"117\" \/>La Junta Nacional de Salud de Dinamarca desde hace una d\u00e9cada recomienda una serie de precauciones simples para reducir la exposici\u00f3n a las radiofrecuencias de los tel\u00e9fonos m\u00f3viles <\/strong>(\n<div class=\"o-content-block u-grid u-grid--space-between u-grid--no-gutter u-ie\" data-behavior=\"content\" data-instance=\"content__Y8WAE5\">\n<div class=\"o-content-block__content u-grid__cell u-grid__cell--width-100 u-grid__cell--width-66@lg u-ie u-ie--left-lg \">\n<p><span class=\"\">La telefon\u00eda m\u00f3vil es la mayor fuente de exposici\u00f3n a radiofrecuencias <\/span> <span class=\"\">y microondas. <\/span>Un tel\u00e9fono m\u00f3vil pegado al o\u00eddo durante una llamada da lugar a una exposici\u00f3n significativamente mayor que, por ejemplo, un enrutador WiFi &#8230; <span class=\"\">Por lo tanto, la Junta Nacional de Salud recomienda que siga estas sencillas precauciones:\u00a0<\/span><\/p>\n<ul>\n<li><span class=\"\">Utilice la funci\u00f3n de auricular o manos libres con auricular durante la llamada, o utilice la funci\u00f3n de altavoz. <\/span><\/li>\n<li>En la medida de lo posible, utilice SMS en lugar de conversaciones.<\/li>\n<li>Limite la duraci\u00f3n de las conversaciones.<\/li>\n<li>No duerma con el tel\u00e9fono cerca de su cabeza.<\/li>\n<li>Limite las llamadas en condiciones de env\u00edo \/ recepci\u00f3n deficientes (se puede ver en la pantalla) y en los medios de transporte.<\/li>\n<li>No cubra el tel\u00e9fono con papel plateado o similar.<\/li>\n<li>Compare el valor de SAR de los tel\u00e9fonos. Un valor de SAR m\u00e1s bajo da como resultado una exposici\u00f3n m\u00e1s baja.<\/li>\n<\/ul>\n<\/div>\n<\/div>\n<p>.<\/li>\n<\/ul>\n<p><strong><img loading=\"lazy\" decoding=\"async\" class=\"size-medium wp-image-780 alignright\" src=\"https:\/\/escuelasaludable.org\/wp-content\/uploads\/2021\/10\/mellor.sen_.wifi_-300x83.png\" alt=\"\" width=\"300\" height=\"83\" srcset=\"https:\/\/escuelasaludable.org\/wp-content\/uploads\/2021\/10\/mellor.sen_.wifi_-300x83.png 300w, https:\/\/escuelasaludable.org\/wp-content\/uploads\/2021\/10\/mellor.sen_.wifi_-768x213.png 768w, https:\/\/escuelasaludable.org\/wp-content\/uploads\/2021\/10\/mellor.sen_.wifi_-750x208.png 750w, https:\/\/escuelasaludable.org\/wp-content\/uploads\/2021\/10\/mellor.sen_.wifi_.png 885w\" sizes=\"auto, (max-width: 300px) 100vw, 300px\" \/>&#8211; En Dinamarca diferentes centros de ense\u00f1anza han eliminado o reducido la exposici\u00f3n inal\u00e1mbrica <\/strong>como la escuela primaria y orfanato Bjedstrup elementary School og B\u00f8rnehus, (sin conexi\u00f3n WiFi y donde el alumanado entrega los tel\u00e9fonos m\u00f3viles antes de entrar al aula), la <a href=\"http:\/\/hammerfrieprivatskole.dk\/om-traedloest-netvaerk\/\">Hammer Frie Privatskole<\/a> (con todas las conexiones a Internet cableadas), la escuela privada Vejlernes (sin wifi), la escuela infantil Kastanjely (sin wifi), \u2026<\/p>\n<p>&#8211; En octubre de 2010, <strong>el edificio del Parlamento, de Christiansborg (Copenhague)<\/strong>, alberg\u00f3 una <strong>conferencia cient\u00edfica internacional \u201cEn la cara oculta de una de sociedad de telefon\u00eda sin hilos\u201d, donde m\u00e1s de 500 m\u00e9dicos y cient\u00edficos firmaron la <a href=\"http:\/\/www.next-up.org\/pdf\/Resolucion_de_Copenhague_En_la_cara_oculta_de_una_de_sociedad_de_telefonia_sin_hilos_09_10_2010.pdf\">Resoluci\u00f3n de Copenhague<\/a> <\/strong>que <strong>aboga por la prevenci\u00f3n de los da\u00f1os a la salud p\u00fablica de la exposici\u00f3n a la tecnolog\u00eda inal\u00e1mbrica<\/strong>, en la l\u00ednea de otros llamamientos internacionales y revisiones cient\u00edficas como la del <strong>Informe Bioinitiative<\/strong>.<\/p>\n<p data-wp-editing=\"1\"><a href=\"https:\/\/escuelasaludable.org\/wp-content\/uploads\/2021\/10\/Dinamarca.2013.png\"><img loading=\"lazy\" decoding=\"async\" class=\"alignright wp-image-1258 size-medium\" src=\"https:\/\/escuelasaludable.org\/wp-content\/uploads\/2021\/10\/Dinamarca.2013.br_-300x143.jpg\" alt=\"\" width=\"300\" height=\"143\" srcset=\"https:\/\/escuelasaludable.org\/wp-content\/uploads\/2021\/10\/Dinamarca.2013.br_-300x143.jpg 300w, https:\/\/escuelasaludable.org\/wp-content\/uploads\/2021\/10\/Dinamarca.2013.br_.jpg 687w\" sizes=\"auto, (max-width: 300px) 100vw, 300px\" \/><\/a>&#8211; En mayo de 2013, el <strong>ASTRA (Centro Nacional de Educaci\u00f3n en Naturaleza, Tecnolog\u00eda y Salud) concede un <a href=\"https:\/\/www.dr.dk\/nyheder\/indland\/forsoeg-med-karse-i-9-klasse-vaekker-international-opsigt\">premio<\/a> del concurso <a href=\"http:\/\/mashable.com\/2013\/12\/17\/wireless-router-houseplants\/#rOkOsZoRxaqK\">\u201cj\u00f3venes investigadores\u201d<\/a> <\/strong>a las alumnas de 9\u00aa Clase de una escuela secundaria danesa que realizaron un <a href=\"http:\/\/www.abc.es\/tecnologia\/informatica\/20131219\/abci-experimento-ondas-wifi-matar-201312191838.html\">sencillo experimento<\/a> que, aplicando el m\u00e9todo cient\u00edfico, muestran la <strong>grave afectaci\u00f3n en el proceso de germinaci\u00f3n de las semillas de berros que est\u00e1n expuestas a la radiaci\u00f3n del router Wifi dentro de los l\u00edmites legales<\/strong>. Este tipo de estudios (y sus resultados) que ya se hab\u00edan realizado en otros pa\u00edses (ver ejemplo <a href=\"https:\/\/phys.org\/news\/2010-11-dutch-wi-fi-possibly-trees.html\">holand\u00e9s <\/a>de <a href=\"https:\/\/www.popsci.com\/technology\/article\/2010-11\/wi-fi-radiation-killing-trees\">2010<\/a>, de alumnos de <a href=\"http:\/\/www.aulastecnopole.com\/trabajos\/Memoria_QUEILA-MARTIN.pdf\">Ourense<\/a> que ganaron un <a href=\"http:\/\/www.ourensedixital.com\/_novas\/12\/05\/22_02.htm\">certamen estatal<\/a> para estudiantes a nivel estatal en 2012, \u2026), fue atrayendo la atenci\u00f3n cient\u00edfica sobre un tipo de experimentos, repiti\u00e9ndose en m\u00faltiples pa\u00edses (ver ejemplo de experimento en <a href=\"http:\/\/www.apdr.info\/electrocontaminacion\/Documentos\/varios\/Planti-WiFi.pdf\">Pontevedra<\/a> que gan\u00f3 un certamen para estudiantes en 2014)<\/p>\n<p>&#8211; En Diciembre de 2013, <strong>la aerol\u00ednea multinacional conocida como SAS Scandinavian Airlines <\/strong>(establecida en Estocolmo, Suecia y que opera en Islandia, Finlandia, Noruega, Dinamarca y Suecia) <strong>acept\u00f3 la <a href=\"https:\/\/mysasidea.flysas.net\/idea\/flights-without-wi-fi-and-mobiles\">petici\u00f3n<\/a> de un ciudadano dan\u00e9s de no ofertar comunicaci\u00f3n inal\u00e1mbrica en sus vuelos<\/strong> atendiendo a problemas de salud de la tripulaci\u00f3n y pasajeros (y los legales que se deriven de ellos).<\/p>\n<h4 id=\"asociaciones\"><strong>2.- Posicionamientos proteccionistas de profesionales del \u00e1mbito del \u00e1mbito de la ciencia y de la salud<\/strong><\/h4>\n<p>\u2666 En octubre de 2010, tuvo lugar una <strong>Conferencia Cient\u00edfica Internacional \u201cEn la cara oculta de una de sociedad de telefon\u00eda sin hilos\u201d en el edificio del Parlamento, de Christiansborg, en Copenhague, en la que participaron cient\u00edficos del <a href=\"https:\/\/www.peccem.org\/DocumentacionDescarga\/Cientificos\/Declaraciones\/Seletun_2009_cas.pdf\">Panel Seletun<\/a><\/strong>. En el seno de dicha conferencia se lanz\u00f3 la <strong><a href=\"http:\/\/www.next-up.org\/pdf\/Resolucion_de_Copenhague_En_la_cara_oculta_de_una_de_sociedad_de_telefonia_sin_hilos_09_10_2010.pdf\">Resoluci\u00f3n de Copenhague<\/a><\/strong>, firmada por m\u00e1s de 500 m\u00e9dicos y cient\u00edficos, que <strong>aboga por la prevenci\u00f3n de los da\u00f1os a la salud p\u00fablica de la exposici\u00f3n a la tecnolog\u00eda inal\u00e1mbrica<\/strong>, en la l\u00ednea de otros llamamientos internacionales y revisiones cient\u00edficas como la del <strong>Informe Bioinitiative<\/strong>:<\/p>\n<blockquote>\n<h6>&#8211; \u201cUna reducci\u00f3n sustancial de las directrices y de exposici\u00f3n a la radiaci\u00f3n por microondas artificiales inal\u00e1mbricas a un nivel de precauci\u00f3n biol\u00f3gico fundado, con un pico m\u00e1ximo de nivel de irradiaci\u00f3n en el exterior de 0.6 V\/m tal como se recomienda por el informe BioInitiative.<\/h6>\n<h6>&#8211; La informaci\u00f3n y las advertencias oficiales a la poblaci\u00f3n sobre los riesgos para la salud de la radiaci\u00f3n por microondas de alta frecuencia de la tecnolog\u00eda inal\u00e1mbrica con especial atenci\u00f3n sobre mayores riesgos para los que est\u00e9n en condiciones de debilidad, las mujeres embarazadas y los ni\u00f1os.<\/h6>\n<h6>&#8211; Etiquetaje con advertencias e informaci\u00f3n en los dispositivos que emitan radiaci\u00f3n, y un compromiso de los fabricantes para dise\u00f1ar productos que emitan la menos radiaci\u00f3n posible y s\u00f3lo cuando sea necesario.<\/h6>\n<h6>&#8211; Restringir y desalentar el acceso de los ni\u00f1os al uso de dispositivos que emitan radiaci\u00f3n de microondas de alta frecuencia.<\/h6>\n<h6>&#8211; La ElectroH\u00edperSensibilidad (EHS) debe ser reconocida oficialmente como una discapacidad funcional.<\/h6>\n<h6>&#8211; Promover la acci\u00f3n de las Autoridades Locales para que respeten la transparencia de la informaci\u00f3n sobre los lugares de ubicaci\u00f3n de estaciones base de antenas enlaces existentes (estaciones base de telefon\u00eda m\u00f3vil) y de los previstos.<\/h6>\n<h6>&#8211; Hacer todo lo posible para minimizar la exposici\u00f3n a la radiaci\u00f3n del Wifi en los espacios p\u00fablicos ocupados por los grupos vulnerables, como ni\u00f1os en edad escolar, ancianos, hospitales, as\u00ed como en los transportes p\u00fablicos.<\/h6>\n<h6>&#8211; Establecer Zonas de Refugio para el EHS o Zonas Blancas donde las personas Electro HiperSensibles (EHS), que no soportan la radiaci\u00f3n de microondas de las radiofrecuencias puedan\u00a0 recuperarse all\u00ed o vivir all\u00ed, as\u00ed como abastecer una asistencia financiera con el fin de proteger el interior de las casas usadas.<\/h6>\n<h6>&#8211; Promover una pol\u00edtica de alternativas seguras para la salud a la tecnolog\u00eda Wifi.<\/h6>\n<h6>&#8211; Realizar y promover la investigaci\u00f3n causal independiente\u201d.<\/h6>\n<\/blockquote>\n<p><strong><img loading=\"lazy\" decoding=\"async\" class=\"wp-image-813 size-full alignright\" src=\"https:\/\/escuelasaludable.org\/wp-content\/uploads\/2021\/10\/profesionais-0-300x168-1.png\" alt=\"\" width=\"300\" height=\"168\" \/><\/strong><\/p>\n<p><strong>\u2666 PROFESIONALES DANESES DEL \u00c1MBITO DE LA CIENCIA Y DE LA MEDICINA<span style=\"color: #808080;\">, <\/span><\/strong><span style=\"color: #808080;\"><strong> suscriben otros llamamientos proteccionistas en la l\u00ednea de la Resoluci\u00f3n 1815 de la Asamblea Parlamentaria del Consejo de Europa, como el International Appeal Stop 5G on Earth and in Space.<\/strong><\/span><\/p>\n<p><strong>El LLamamiento Internacional para detener la implantaci\u00f3n del 5G en la tierra y en el espacio de diciembre de 2018 (<a href=\"https:\/\/www.5gspaceappeal.org\/the-appeal\/\">International Appeal Stop 5G on Earth and in Space<\/a>), fu\u00e9 <a href=\"https:\/\/escuelasaludable.org\/wp-content\/uploads\/2021\/10\/Dinamarca.INTERNATIONAL-APPEAL.5G.pdf\">suscrito en <\/a>Dinamarca por m\u00e1s de 600 profesionales del \u00e1mbito cient\u00edfico y de la salud.<\/strong><\/p>\n","protected":false},"excerpt":{"rendered":"<p>POSICIONAMIENTOS PROTECCIONISTAS EN DINAMARCA 1.- Antecedentes normativos y posicionamientos institucionales proteccionistas 2.- Posicionamientos proteccionistas de profesionales del \u00e1mbito de la ciencia y de la salud. Si vas con prisa &#8230; haz click para ver el resumen. Puedes descargar esta p\u00e1gina en catal\u00e1n, castellano y gallego. 1.- Antecedentes normativos y posicionamientos institucionales proteccionistas &#8211; La Junta [&hellip;]<\/p>\n","protected":false},"author":1,"featured_media":689,"comment_status":"closed","ping_status":"closed","sticky":false,"template":"","format":"standard","meta":{"footnotes":""},"categories":[87],"tags":[],"class_list":["post-509","post","type-post","status-publish","format-standard","has-post-thumbnail","hentry","category-estados-completo"],"_links":{"self":[{"href":"https:\/\/escuelasaludable.org\/index.php?rest_route=\/wp\/v2\/posts\/509","targetHints":{"allow":["GET"]}}],"collection":[{"href":"https:\/\/escuelasaludable.org\/index.php?rest_route=\/wp\/v2\/posts"}],"about":[{"href":"https:\/\/escuelasaludable.org\/index.php?rest_route=\/wp\/v2\/types\/post"}],"author":[{"embeddable":true,"href":"https:\/\/escuelasaludable.org\/index.php?rest_route=\/wp\/v2\/users\/1"}],"replies":[{"embeddable":true,"href":"https:\/\/escuelasaludable.org\/index.php?rest_route=%2Fwp%2Fv2%2Fcomments&post=509"}],"version-history":[{"count":4,"href":"https:\/\/escuelasaludable.org\/index.php?rest_route=\/wp\/v2\/posts\/509\/revisions"}],"predecessor-version":[{"id":1262,"href":"https:\/\/escuelasaludable.org\/index.php?rest_route=\/wp\/v2\/posts\/509\/revisions\/1262"}],"wp:featuredmedia":[{"embeddable":true,"href":"https:\/\/escuelasaludable.org\/index.php?rest_route=\/wp\/v2\/media\/689"}],"wp:attachment":[{"href":"https:\/\/escuelasaludable.org\/index.php?rest_route=%2Fwp%2Fv2%2Fmedia&parent=509"}],"wp:term":[{"taxonomy":"category","embeddable":true,"href":"https:\/\/escuelasaludable.org\/index.php?rest_route=%2Fwp%2Fv2%2Fcategories&post=509"},{"taxonomy":"post_tag","embeddable":true,"href":"https:\/\/escuelasaludable.org\/index.php?rest_route=%2Fwp%2Fv2%2Ftags&post=509"}],"curies":[{"name":"wp","href":"https:\/\/api.w.org\/{rel}","templated":true}]}}