{"id":399,"date":"2021-09-10T15:57:57","date_gmt":"2021-09-10T13:57:57","guid":{"rendered":"https:\/\/escuelasaludable.org\/?p=399"},"modified":"2024-01-13T22:43:27","modified_gmt":"2024-01-13T21:43:27","slug":"el-consejo-de-europa-recomienda-internet-por-cable-en-las-escuelas","status":"publish","type":"post","link":"https:\/\/escuelasaludable.org\/?p=399","title":{"rendered":"El Consejo de Europa recomienda Internet por cable en las escuelas"},"content":{"rendered":"<p><strong><img loading=\"lazy\" decoding=\"async\" class=\" wp-image-1299 alignleft\" src=\"https:\/\/escuelasaludable.org\/wp-content\/uploads\/2021\/09\/APCE.png\" alt=\"\" width=\"130\" height=\"104\" \/>Parliamentary Assembly of the Council of Europe (PACE)<\/strong><\/p>\n<p><strong>Assembl\u00e9e parlementaire du Conseil de l&#8217;Europe (APCE)<br \/>\n<\/strong><\/p>\n<p><strong>Asamblea Parlamentaria del Consejo de Europa (APCE):<\/strong><\/p>\n<h4 style=\"text-align: justify;\"><strong>Resoluci\u00f3n 1815 (2011) \u201cPeligros potenciales de los campos electromagn\u00e9ticos y sus efectos sobre el medio ambiente\u201d<\/strong>.<\/h4>\n<h4 style=\"text-align: justify;\">Recomienda a los Estados miembros del Consejo de Europa aplicar entre otras las siguientes medidas:<\/h4>\n<p style=\"text-align: justify;\"><span style=\"background-color: yellow;\">8.1.1. tomar <strong>todas las medidas razonables para reducir la exposici\u00f3n a los campos electromagn\u00e9ticos<\/strong>, especialmente a las radiofrecuencias emitidas por los tel\u00e9fonos m\u00f3viles, y <u>en particular la exposici\u00f3n en la poblaci\u00f3n infantojuvenil<\/u>, para quienes el riesgo de tumores de la cabeza parece mayor;<\/span><\/p>\n<p style=\"text-align: justify;\">8.1.2. reconsiderar la base cient\u00edfica de las normas actuales de exposici\u00f3n a los CEM fijadas por la Comisi\u00f3n Internacional para la Protecci\u00f3n contra la Radiaci\u00f3n No Ionizante (International Commission on Non-Ionising Radiation Protection), que presenta \u00a0graves deficiencias, y <strong>aplicar el<\/strong> <strong>principio<\/strong> <strong>ALARA<\/strong> <strong>(<\/strong><strong>as low as reasonably achievable), es decir, el nivel m\u00e1s bajo razonablemente posible, tanto a los efectos t\u00e9rmicos como a los efectos at\u00e9rmicos o biol\u00f3gicos de las emisiones<\/strong> o radiaciones electromagn\u00e9ticas;<\/p>\n<p style=\"text-align: justify;\"><span style=\"background-color: yellow;\">8.1.3. <strong>implementar campa\u00f1as de informaci\u00f3n y de sensibilizaci\u00f3n sobre los riesgos de los efectos biol\u00f3gicos potencialmente nocivos a largo plazo<\/strong> sobre el medio ambiente y la salud humana, dirigidos especialmente a ni\u00f1os, adolescentes y j\u00f3venes en edad reproductiva;<\/span><\/p>\n<p style=\"text-align: justify;\">8.1.4. prestar especial <strong>atenci\u00f3n a las personas \u00abelectrosens\u00edbles\u00bb<\/strong> afectadas de un s\u00edndrome de intolerancia a los campos electromagn\u00e9ticos y la adopci\u00f3n de medidas especiales para protegerlos, incluida la <strong>creaci\u00f3n de \u201czonas blancas\u201d<\/strong> no cubiertas por redes inal\u00e1mbricas;<\/p>\n<p style=\"text-align: justify;\">8.1.5. aumentar los esfuerzos investigadores sobre nuevos tipos de antenas, tel\u00e9fonos m\u00f3viles y dispositivos como los DECT con el fin de reducir costos, ahorrar energ\u00eda y proteger el medio ambiente y la salud humana, as\u00ed como <strong>fomentar la<\/strong> <strong>investigaci\u00f3n<\/strong> <strong>y el<\/strong> <strong>desarrollo<\/strong> <strong>de<\/strong> <strong>telecomunicaciones basadas en otras tecnolog\u00edas igual de<\/strong> <strong>eficaces,<\/strong> <strong>pero<\/strong> <strong>menos nocivos<\/strong> sobre el medio ambiente y la salud;<\/p>\n<p style=\"text-align: justify;\">8.2 En cuanto al uso individual de los tel\u00e9fonos m\u00f3viles, los tel\u00e9fonos inal\u00e1mbricos DECT, el Wifi, WiMAX y WLAN para los ordenadores y otras aplicaciones inal\u00e1mbricas, tales como interfonos para la vigilancia de los beb\u00e9s:<\/p>\n<p style=\"text-align: justify;\">8.2.1 <strong>establecer umbrales de prevenci\u00f3n para los niveles de exposici\u00f3n a largo plazo<\/strong> a las microondas en el interior [de los edificios], <strong>de conformidad con el principio de precauci\u00f3n<\/strong>, no superiores a 0,6 voltios por metro [\u2245 0,1 \u00b5W\/cm\u00b2] y reducirlo a medio plazo a 0, 2 voltios por metro [\u2245 0,01 \u00b5W\/cm\u00b2];<\/p>\n<p style=\"text-align: justify;\">8.2.2 aplicar todos los <strong>procedimientos necesarios para la evaluaci\u00f3n del riesgo<\/strong> para cualquier nueva forma de dispositivo antes de permitir su comercializaci\u00f3n;<\/p>\n<p style=\"text-align: justify;\">8.2.3 introducir un <strong>sistema de etiquetado claro<\/strong> que indique la <u>presencia de las microondas<\/u> o de los campos electromagn\u00e9ticos y se\u00f1alando la Potencia de Transmisi\u00f3n o la \u00ab<u>Tasa de Absorci\u00f3n Espec\u00edfica<\/u>\u201d (TAS) [= SAR \u2013ingl\u00e9s- = DAS \u2013franc\u00e9s-] del dispositivo <strong>as\u00ed como los riesgos para la salud relacionados con su uso<\/strong>;<\/p>\n<p style=\"text-align: justify;\">8.2.4 <strong>informar sobre los riesgos potenciales para la salud<\/strong> de los tel\u00e9fonos inal\u00e1mbricos DECT, interfonos para la vigilancia de beb\u00e9s y otros aparatos dom\u00e9sticos que emiten continuamente microondas pulsadas, cuando todos los dispositivos el\u00e9ctricos se dejan permanentemente en posici\u00f3n de espera [\u201cstandby\u201d], y <strong>recomendar el uso de tel\u00e9fonos con cable <\/strong>en los hogares o, en su defecto, modelos que no emitan permanentemente ondas pulsadas;<\/p>\n<p style=\"text-align: justify;\"><span style=\"background-color: yellow;\">8.3 En cuanto a la <strong>protecci\u00f3n de los ni\u00f1os<\/strong>:<\/span><\/p>\n<p style=\"text-align: justify;\"><span style=\"background-color: yellow;\">8.3.1 dise\u00f1ar, en el \u00e1mbito de los diferentes ministerios (educaci\u00f3n, medio ambiente y sanidad), <strong>campa\u00f1as de informaci\u00f3n dirigidas al profesorado, a madres y padres y a ni\u00f1os para advertirles de los riesgos espec\u00edficos del uso precoz, indiscriminado y prolongado de los tel\u00e9fonos m\u00f3viles y de otros dispositivos<\/strong> que emiten microondas;<\/span><\/p>\n<p style=\"text-align: justify;\"><span style=\"background-color: yellow;\">8.3.2 dar <strong>preferencia, para los ni\u00f1os en general y especialmente en las escuelas<\/strong> [\u201c\u00e9cole\u201d: incluye la ense\u00f1anza infantil, primaria y secundaria] <strong>y en las aulas, a los sistemas de acceso a internet a trav\u00e9s de conexi\u00f3n por cable<\/strong> [es decir, evitando la conexi\u00f3n inal\u00e1mbrica Wifi] y de <strong>regular<\/strong><strong> estrictamente el uso de los tel\u00e9fonos<\/strong> de los estudiantes en el recinto escolar;<\/span><\/p>\n<p style=\"text-align: justify;\">8.4 En cuanto a la planificaci\u00f3n de las l\u00edneas el\u00e9ctricas y de las estaciones base de antenas de telefon\u00eda m\u00f3vil: 8.4.1 tomar medidas de planificaci\u00f3n urbana que requieran una <strong>distancia de seguridad entre las l\u00edneas de alta tensi\u00f3n y otras instalaciones el\u00e9ctricas y las viviendas<\/strong>; 8.4.2 aplicar normas de seguridad estrictas en lo que concierne al impacto sanitario de las instalaciones el\u00e9ctricas en las casas nuevas; 8.4.3 <strong>reducir el umbral admisible para las antenas de conformidad con el principio ALARA e instalar sistemas de seguimiento global y continuo de todas las antenas<\/strong>; 8.4.4 determinar la ubicaci\u00f3n de cualquier nueva antena GSM, UMTS, Wifi o WiMax no solo bas\u00e1ndose en los intereses de los operadores, sino <strong>consultando a las autoridades locales y \u00a0residentes o asociaciones de ciudadanos afectados<\/strong>;<\/p>\n<p style=\"text-align: justify;\">8.5 En cuanto al estilo de la evaluaci\u00f3n de los riesgos y de las precauciones a tomar:<\/p>\n<p style=\"text-align: justify;\">8.5.1 la evaluaci\u00f3n de los riesgos debe <strong>centrarse en mayor medida en la prevenci\u00f3n<\/strong>;<\/p>\n<p style=\"text-align: justify;\">8.5.2 mejorar los criterios de evaluaci\u00f3n de riesgos y la calidad de la evaluaci\u00f3n mediante la creaci\u00f3n de una escala est\u00e1ndar de riesgos, por lo que ser\u00e1 obligatorio <strong>indicar el nivel de riesgo<\/strong>, haciendo que se estudien varios supuestos de riesgo, teniendo en cuenta la compatibilidad con las condiciones de la vida real;<\/p>\n<p style=\"text-align: justify;\">8.5.3 <strong>tener en<\/strong><strong> cuenta a los cient\u00edficos que dan la alerta temprana y protegerlos<\/strong>;<\/p>\n<p style=\"text-align: justify;\">8.5.4 formular una <u>definici\u00f3n<\/u><u> del principio de precauci\u00f3n y del principio ALARA basada en los derechos humanos<\/u>;<\/p>\n<p style=\"text-align: justify;\">8.5.5 <u>aumentar la financiaci\u00f3n p\u00fablica de la investigaci\u00f3n independiente<\/u>, especialmente por medio de donaciones de las empresas y de impuestos en los productos que son objeto de estudio p\u00fablico para la evaluaci\u00f3n de riesgos para la salud;<\/p>\n<p style=\"text-align: justify;\">8.5.6 crear <u>comisiones<\/u><u> independientes<\/u> para la asignaci\u00f3n de fondos p\u00fablicos;<\/p>\n<p style=\"text-align: justify;\">8.5.7 la <u>obligatoriedad de la transparencia en los grupos de presi\u00f3n<\/u>;<\/p>\n<p style=\"text-align: justify;\">8.5.8 promover <strong>debates pluralistas y controvertidos<\/strong> entre todas las partes interesadas, <u>incluida la sociedad civil<\/u> (Convenio de Aarhus).<\/p>\n<h5 style=\"text-align: justify;\">&#8211; Ver documento completo (<a href=\"https:\/\/escuelasaludable.org\/wp-content\/uploads\/2021\/09\/Resolucion.A.P.Consejo.Europa.27.05.11.pdf\" target=\"_blank\" rel=\"noopener\">castellano<\/a>, <a href=\"https:\/\/escuelasaludable.org\/wp-content\/uploads\/2021\/09\/Resolucion.A.P.Consello.Europa.27.05.11.pdf\" target=\"_blank\" rel=\"noopener\">gallego<\/a>, <a href=\"https:\/\/assembly.coe.int\/nw\/xml\/XRef\/Xref-XML2HTML-FR.asp?fileid=17994&amp;lang=FR\">franc\u00e9s<\/a>, <a href=\"https:\/\/assembly.coe.int\/nw\/xml\/XRef\/Xref-XML2HTML-en.asp?fileid=17994\">ingl\u00e9s<\/a>), informe previo (<a href=\"https:\/\/escuelasaludable.org\/wp-content\/uploads\/2021\/09\/P.A.C.E.06.05.11_cas.pdf\" target=\"_blank\" rel=\"noopener\">castellano<\/a>, <a href=\"https:\/\/escuelasaludable.org\/wp-content\/uploads\/2021\/09\/P.A.C.E.06.05.11_gal.pdf\" target=\"_blank\" rel=\"noopener\">gallego<\/a>, <a href=\"https:\/\/pace.coe.int\/fr\/files\/13137\/html\">franc\u00e9s<\/a>, <a href=\"https:\/\/pace.coe.int\/en\/files\/13137\/html\">ingl\u00e9s<\/a>) y nota de prensa (<a href=\"https:\/\/escuelasaludable.org\/wp-content\/uploads\/2021\/09\/Resolucion.A.P.C.E.27.05.11_prensa.pdf\" target=\"_blank\" rel=\"noopener\">castellano, gallego, franc\u00e9s, ingl\u00e9s<\/a>).<\/h5>\n<table>\n<tbody>\n<tr>\n<td style=\"text-align: justify;\" width=\"64\"><\/td>\n<td style=\"text-align: justify;\" width=\"454\"><\/td>\n<td width=\"54\"><strong>\u00a0\u00a0\u00a0 <\/strong><\/td>\n<\/tr>\n<\/tbody>\n<\/table>\n","protected":false},"excerpt":{"rendered":"<p>Parliamentary Assembly of the Council of Europe (PACE) Assembl\u00e9e parlementaire du Conseil de l&#8217;Europe (APCE) Asamblea Parlamentaria del Consejo de Europa (APCE): Resoluci\u00f3n 1815 (2011) \u201cPeligros potenciales de los campos electromagn\u00e9ticos y sus efectos sobre el medio ambiente\u201d. Recomienda a los Estados miembros del Consejo de Europa aplicar entre otras las siguientes medidas: 8.1.1. tomar [&hellip;]<\/p>\n","protected":false},"author":2,"featured_media":669,"comment_status":"closed","ping_status":"open","sticky":false,"template":"","format":"standard","meta":{"footnotes":""},"categories":[93,73,69],"tags":[],"class_list":["post-399","post","type-post","status-publish","format-standard","has-post-thumbnail","hentry","category-contaminacion-electromagnetica-areas-de-intervencion","category-instituciones-europeas-y-paneuropeas","category-home"],"_links":{"self":[{"href":"https:\/\/escuelasaludable.org\/index.php?rest_route=\/wp\/v2\/posts\/399","targetHints":{"allow":["GET"]}}],"collection":[{"href":"https:\/\/escuelasaludable.org\/index.php?rest_route=\/wp\/v2\/posts"}],"about":[{"href":"https:\/\/escuelasaludable.org\/index.php?rest_route=\/wp\/v2\/types\/post"}],"author":[{"embeddable":true,"href":"https:\/\/escuelasaludable.org\/index.php?rest_route=\/wp\/v2\/users\/2"}],"replies":[{"embeddable":true,"href":"https:\/\/escuelasaludable.org\/index.php?rest_route=%2Fwp%2Fv2%2Fcomments&post=399"}],"version-history":[{"count":7,"href":"https:\/\/escuelasaludable.org\/index.php?rest_route=\/wp\/v2\/posts\/399\/revisions"}],"predecessor-version":[{"id":4211,"href":"https:\/\/escuelasaludable.org\/index.php?rest_route=\/wp\/v2\/posts\/399\/revisions\/4211"}],"wp:featuredmedia":[{"embeddable":true,"href":"https:\/\/escuelasaludable.org\/index.php?rest_route=\/wp\/v2\/media\/669"}],"wp:attachment":[{"href":"https:\/\/escuelasaludable.org\/index.php?rest_route=%2Fwp%2Fv2%2Fmedia&parent=399"}],"wp:term":[{"taxonomy":"category","embeddable":true,"href":"https:\/\/escuelasaludable.org\/index.php?rest_route=%2Fwp%2Fv2%2Fcategories&post=399"},{"taxonomy":"post_tag","embeddable":true,"href":"https:\/\/escuelasaludable.org\/index.php?rest_route=%2Fwp%2Fv2%2Ftags&post=399"}],"curies":[{"name":"wp","href":"https:\/\/api.w.org\/{rel}","templated":true}]}}