{"id":3626,"date":"2023-05-13T19:57:28","date_gmt":"2023-05-13T17:57:28","guid":{"rendered":"https:\/\/escuelasaludable.org\/?p=3626"},"modified":"2024-01-24T16:14:48","modified_gmt":"2024-01-24T15:14:48","slug":"escuela-saludable-solo-por-cable","status":"publish","type":"post","link":"https:\/\/escuelasaludable.org\/?p=3626","title":{"rendered":"Escuela saludable, internet solo por cable"},"content":{"rendered":"<h2 style=\"text-align: justify;\"><strong>Ecologistas en Acci\u00f3n present\u00f3 el 12 de mayo a nivel confederal su campa\u00f1a escolar sobre usos digitales.<\/strong><\/h2>\n<ul style=\"text-align: justify;\">\n<li><strong>La campa\u00f1a \u201cescuela saludable, internet solo por cable\u201d, considera la escuela como agente clave de la promoci\u00f3n y protecci\u00f3n de la salud, as\u00ed como de la formaci\u00f3n socio-ambiental, atendiendo al actual contexto de emergencia planetaria e hiperdigitalizaci\u00f3n.<\/strong><\/li>\n<li><strong>Responde a las alertas cient\u00edficas y expertas que proponen la conexi\u00f3n a internet por cable con el objetivo de minimizar la exposici\u00f3n a las radiofrecuencias en las aulas. De la misma forma apela a regular el acceso y tiempos de usos de las pantallas atendiendo a las etapas de desarrollo de ni\u00f1as y ni\u00f1os, y a primar la interrelaci\u00f3n no digital en el aula entre profesorado y alumnado.<\/strong><\/li>\n<li><strong>La campa\u00f1a afronta como abordar desde la escuela las problem\u00e1ticas asociadas al proceso de digitalizaci\u00f3n de las aulas y de la sociedad, desde la contaminaci\u00f3n electromagn\u00e9tica a la contaminaci\u00f3n digital, pasando por su problem\u00e1tica ambiental (energ\u00edvora, afectaci\u00f3n clim\u00e1tica, extractivismo, \u2026) y socio-pedag\u00f3gica implicada (alteraciones en el aprendizaje y el desarrollo, adicciones, control social, \u2026).<\/strong><\/li>\n<\/ul>\n<p style=\"text-align: justify;\">La presentaci\u00f3n, realizada en la sede confederal de Ecologistas en Acci\u00f3n (\u00abAteneo La Maliciosa\u00bb), fue moderada por <strong>Jos\u00e9 Manuel Iniesta<\/strong> (psic\u00f3logo infantojuvenil), y cont\u00f3 con la intervenci\u00f3n de dos relatores:<\/p>\n<p style=\"text-align: justify;\">&#8211; <strong>Julio Carmona<\/strong>, co-coordinador del \u00c1rea de Digitalizaci\u00f3n y Contaminaci\u00f3n Electromagn\u00e9tica de Ecologistas en Acci\u00f3n. \u00a0Carmona expuso los <a href=\"https:\/\/escuelasaludable.org\/?p=379\"><strong>EJES DE ESTA CAMPA\u00d1A<\/strong><\/a> sobre usos digitales, con la doble meta de la escuela como un entorno educativo saludable y de la escuela como educadora socio-ambiental y para la salud en el \u00e1mbito digital, atendiendo a las alertas cient\u00edficas.<\/p>\n<p style=\"text-align: justify;\">&#8211; <strong>Javier Zarzuela<\/strong>, maestro de la escuela p\u00fablica de la Comunidad de Madrid, miembro de <strong>Teachers for Future y de Ecologistas en Acci\u00f3n<\/strong>, as\u00ed como autor del libro: \u201c<strong><a href=\"http:\/\/stopticinfancia.pbworks.com\/w\/page\/151154274\/SINOPSIS%20STOP%20TIC%20INFANCIA\" target=\"_blank\" rel=\"noopener\">STOP TIC INFANCIA<\/a>. Porqu\u00e9 desdigitalizar la escuela\u201d<\/strong>. Javier expuso las investigaciones y datos que muestran el \u201cefecto negativo de las TIC sobre el aprendizaje, su insostenible huella ambiental y el derroche de recursos econ\u00f3micos, materiales y personales\u201d. Desarroll\u00f3 su propuesta de \u201cdesdigitalizaci\u00f3n de la escuela y la apuesta por contenidos y competencias vivenciales, necesarios y urgentes en la infancia\u201d.<\/p>\n<p style=\"text-align: justify;\">La moderaci\u00f3n del chat y la recogida de preguntas a trav\u00e9s del mismo fue realizada por <strong>Mar\u00eda del Mar Rosa<\/strong> (doctoranda) y <strong>Jos\u00e9 Caselles<\/strong> (profesor universitario).<\/p>\n<p style=\"text-align: justify;\">* Durante la exposici\u00f3n se inform\u00f3 de la exclusi\u00f3n social de las personas electrosensibles (EHS), lo cual dificulta la participaci\u00f3n presencial de las compa\u00f1eras EHS del \u00e1rea, mayoritariamente del \u00e1mbito de la docencia.<\/p>\n<p style=\"text-align: justify;\">El debate final, invit\u00f3 a reflexionar en la b\u00fasqueda de entornos digitales apropiados al desarrollo de ni\u00f1as y ni\u00f1os, con usos tecnol\u00f3gicos biocompatibles, \u00e9ticos y sostenibles. Dicho debate incluy\u00f3 una participaci\u00f3n activa de docentes, que compartieron sus preocupaciones y experiencias en este \u00e1mbito.<\/p>\n<p>&nbsp;<\/p>\n<p><img loading=\"lazy\" decoding=\"async\" class=\"wp-image-3905 aligncenter\" src=\"https:\/\/escuelasaludable.org\/wp-content\/uploads\/2023\/05\/E.-Saludable-La-Maliciosa-12.05.23-724x1024-1-212x300.png\" alt=\"\" width=\"550\" height=\"778\" srcset=\"https:\/\/escuelasaludable.org\/wp-content\/uploads\/2023\/05\/E.-Saludable-La-Maliciosa-12.05.23-724x1024-1-212x300.png 212w, https:\/\/escuelasaludable.org\/wp-content\/uploads\/2023\/05\/E.-Saludable-La-Maliciosa-12.05.23-724x1024-1-725x1024.png 725w, https:\/\/escuelasaludable.org\/wp-content\/uploads\/2023\/05\/E.-Saludable-La-Maliciosa-12.05.23-724x1024-1-768x1085.png 768w, https:\/\/escuelasaludable.org\/wp-content\/uploads\/2023\/05\/E.-Saludable-La-Maliciosa-12.05.23-724x1024-1-750x1060.png 750w, https:\/\/escuelasaludable.org\/wp-content\/uploads\/2023\/05\/E.-Saludable-La-Maliciosa-12.05.23-724x1024-1.png 796w\" sizes=\"auto, (max-width: 550px) 100vw, 550px\" \/><\/p>\n<p>Nota: Si quieres organizar un acto de presentaci\u00f3n de la campa\u00f1a en tu centro o en tu localidad, nos puedes contactar en:<\/p>\n<blockquote>\n<h6 style=\"text-align: justify;\"><strong>info[arruba]escuelasable.org<\/strong><\/h6>\n<\/blockquote>\n<p>Ver esta entrada en <a href=\"https:\/\/escuelasaludable.org\/wp-content\/uploads\/2023\/05\/Presentacion.escuela.saludable12.mayo_.23.cat_.pdf\" target=\"_blank\" rel=\"noopener\">catal\u00e1n<\/a>, <a href=\"https:\/\/escuelasaludable.org\/wp-content\/uploads\/2023\/05\/Presentacion.escuela.saludable12.mayo_.23.cat_.pdf\" target=\"_blank\" rel=\"noopener\">euskera<\/a> y<a href=\"https:\/\/escuelasaludable.org\/wp-content\/uploads\/2023\/05\/Presentacion.escuela.saludable12.mayo_.gal_.23.pdf\" target=\"_blank\" rel=\"noopener\"> gallego<\/a>.<\/p>\n","protected":false},"excerpt":{"rendered":"<p>Ecologistas en Acci\u00f3n present\u00f3 el 12 de mayo a nivel confederal su campa\u00f1a escolar sobre usos digitales. La campa\u00f1a \u201cescuela saludable, internet solo por cable\u201d, considera la escuela como agente clave de la promoci\u00f3n y protecci\u00f3n de la salud, as\u00ed como de la formaci\u00f3n socio-ambiental, atendiendo al actual contexto de emergencia planetaria e hiperdigitalizaci\u00f3n. Responde [&hellip;]<\/p>\n","protected":false},"author":3,"featured_media":3629,"comment_status":"closed","ping_status":"closed","sticky":false,"template":"","format":"video","meta":{"footnotes":""},"categories":[180,89,88,91,14,182,49],"tags":[],"class_list":["post-3626","post","type-post","status-publish","format-video","has-post-thumbnail","hentry","category-actividades","category-contaminacion-digital","category-contaminacion-electromagnetica-videos","category-control-social","category-escuela-saludable","category-uso-de-pantallas","category-videos","post_format-post-format-video"],"_links":{"self":[{"href":"https:\/\/escuelasaludable.org\/index.php?rest_route=\/wp\/v2\/posts\/3626","targetHints":{"allow":["GET"]}}],"collection":[{"href":"https:\/\/escuelasaludable.org\/index.php?rest_route=\/wp\/v2\/posts"}],"about":[{"href":"https:\/\/escuelasaludable.org\/index.php?rest_route=\/wp\/v2\/types\/post"}],"author":[{"embeddable":true,"href":"https:\/\/escuelasaludable.org\/index.php?rest_route=\/wp\/v2\/users\/3"}],"replies":[{"embeddable":true,"href":"https:\/\/escuelasaludable.org\/index.php?rest_route=%2Fwp%2Fv2%2Fcomments&post=3626"}],"version-history":[{"count":28,"href":"https:\/\/escuelasaludable.org\/index.php?rest_route=\/wp\/v2\/posts\/3626\/revisions"}],"predecessor-version":[{"id":4072,"href":"https:\/\/escuelasaludable.org\/index.php?rest_route=\/wp\/v2\/posts\/3626\/revisions\/4072"}],"wp:featuredmedia":[{"embeddable":true,"href":"https:\/\/escuelasaludable.org\/index.php?rest_route=\/wp\/v2\/media\/3629"}],"wp:attachment":[{"href":"https:\/\/escuelasaludable.org\/index.php?rest_route=%2Fwp%2Fv2%2Fmedia&parent=3626"}],"wp:term":[{"taxonomy":"category","embeddable":true,"href":"https:\/\/escuelasaludable.org\/index.php?rest_route=%2Fwp%2Fv2%2Fcategories&post=3626"},{"taxonomy":"post_tag","embeddable":true,"href":"https:\/\/escuelasaludable.org\/index.php?rest_route=%2Fwp%2Fv2%2Ftags&post=3626"}],"curies":[{"name":"wp","href":"https:\/\/api.w.org\/{rel}","templated":true}]}}