{"id":3468,"date":"2023-01-25T10:55:45","date_gmt":"2023-01-25T09:55:45","guid":{"rendered":"https:\/\/escuelasaludable.org\/?p=3468"},"modified":"2023-01-25T10:55:45","modified_gmt":"2023-01-25T09:55:45","slug":"de-0-a-3-anos-nada-de-pantallas","status":"publish","type":"post","link":"https:\/\/escuelasaludable.org\/?p=3468","title":{"rendered":"De 0 a 3 a\u00f1os &#8230; Nada de pantallas"},"content":{"rendered":"<p id=\"viewer-foo\" class=\"mm8Nw _1j-51 roLFQS _1FoOD _3M0Fe Z63qyL roLFQS public-DraftStyleDefault-block-depth0 fixed-tab-size public-DraftStyleDefault-text-ltr\" style=\"text-align: justify;\"><span class=\"_2PHJq public-DraftStyleDefault-ltr\">V\u00eddeo de la psicopedagoga Anna Ramis es uno de los referentes pedag\u00f3gicos en lo relativo al uso (o desuso) de las pantallas en la infancia. <\/span><\/p>\n<p id=\"viewer-905ku\" class=\"mm8Nw _1j-51 roLFQS _1FoOD _3M0Fe Z63qyL roLFQS public-DraftStyleDefault-block-depth0 fixed-tab-size public-DraftStyleDefault-text-ltr\" style=\"text-align: justify;\"><span class=\"_2PHJq public-DraftStyleDefault-ltr\">Anna es la promotora de la campa\u00f1a de concienciaci\u00f3n sobre el uso de las pantallas en edades tempranas <a class=\"_1SmKK\" href=\"https:\/\/www.habitoscibersaludables.com\/blog-ciberadicciones\/hashtags\/de0a3pantallesres\" target=\"_self\" rel=\"noopener\">#de0a3pantallesres<\/a> y autora de libros sobre la materia como <a class=\"_3Bkfb _1lsz7\" href=\"https:\/\/www.habitoscibersaludables.com\/post\/libro-de-0-a-3-res-de-pantalles\" target=\"_blank\" rel=\"noopener noreferrer\" data-hook=\"linkViewer\"><u class=\"_3zM-5\">De 0 a 3 \u00bfnada de pantallas?<\/u><\/a>.<\/span><\/p>\n<p id=\"viewer-5elun\" class=\"mm8Nw _1j-51 roLFQS _1FoOD _3M0Fe Z63qyL roLFQS public-DraftStyleDefault-block-depth0 fixed-tab-size public-DraftStyleDefault-text-ltr\" style=\"text-align: justify;\"><span class=\"_2PHJq public-DraftStyleDefault-ltr\">Junto con otros profesionales del sector educativo, psicopedag\u00f3gico y de atenci\u00f3n a la salud mental lanza ahora un <a class=\"_3Bkfb _1lsz7\" href=\"https:\/\/chng.it\/gXzysVzB6L\" target=\"_blank\" rel=\"noopener noreferrer\" data-hook=\"linkViewer\"><u class=\"_3zM-5\">manifiesto con el t\u00edtulo \u00abInfancia y pantallas\u00bb al que puedes adherirte a trav\u00e9s de change.org <\/u><\/a> <\/span><\/p>\n<p id=\"viewer-1tkg8\" class=\"mm8Nw _1j-51 roLFQS _1FoOD _3M0Fe Z63qyL roLFQS public-DraftStyleDefault-block-depth0 fixed-tab-size public-DraftStyleDefault-text-ltr\" style=\"text-align: justify;\"><span class=\"_2PHJq public-DraftStyleDefault-ltr\">El manifiesto est\u00e1 dirigido a las instituciones p\u00fablicas con el objetivo de:<\/span><\/p>\n<p class=\"mm8Nw _1j-51 roLFQS _1FoOD _3M0Fe Z63qyL roLFQS public-DraftStyleDefault-block-depth0 fixed-tab-size public-DraftStyleDefault-text-ltr\" style=\"text-align: justify;\"><span class=\"_2PHJq public-DraftStyleDefault-ltr\">Concienciar de la necesidad de preservar la primera infancia de la sobreexposici\u00f3n continua a los dispositivos digitales y pantallas, ya que esta etapa es crucial para el desarrollo cerebral, f\u00edsico y emocional. <\/span><\/p>\n<p id=\"viewer-fa848\" class=\"mm8Nw _1j-51 roLFQS _1FoOD _3M0Fe Z63qyL roLFQS public-DraftStyleDefault-block-depth0 fixed-tab-size public-DraftStyleDefault-text-ltr\"><span class=\"_2PHJq public-DraftStyleDefault-ltr\">Los firmantes proponen el despliegue de actuaciones por parte de las administraciones p\u00fablicas en diferentes \u00e1mbitos como:<\/span><\/p>\n<ul class=\"public-DraftStyleDefault-ul\">\n<li id=\"viewer-dnk2u\" class=\"roLFQS ULPWlI _3Kjjs public-DraftStyleDefault-unorderedListItem public-DraftStyleDefault-depth0 public-DraftStyleDefault-list-ltr fixed-tab-size public-DraftStyleDefault-reset _1FoOD _3M0Fe Z63qyL roLFQS\">\n<p class=\"_1j-51 _1FoOD _3M0Fe Z63qyL roLFQS\">Promoci\u00f3n de la investigaci\u00f3n cient\u00edfica de los efectos de las pantallas.<\/p>\n<\/li>\n<li id=\"viewer-f53iv\" class=\"roLFQS ULPWlI _3Kjjs public-DraftStyleDefault-unorderedListItem public-DraftStyleDefault-depth0 public-DraftStyleDefault-list-ltr fixed-tab-size _1FoOD _3M0Fe Z63qyL roLFQS\">\n<p class=\"_1j-51 _1FoOD _3M0Fe Z63qyL roLFQS\">Campa\u00f1as de difusi\u00f3n y concienciaci\u00f3n a la poblaci\u00f3n<\/p>\n<\/li>\n<li id=\"viewer-3ktv8\" class=\"roLFQS ULPWlI _3Kjjs public-DraftStyleDefault-unorderedListItem public-DraftStyleDefault-depth0 public-DraftStyleDefault-list-ltr fixed-tab-size _1FoOD _3M0Fe Z63qyL roLFQS\">\n<p class=\"_1j-51 _1FoOD _3M0Fe Z63qyL roLFQS\">Mejorar la regulaci\u00f3n en la clasificaci\u00f3n de contenidos audiovisuales, adecu\u00e1ndola a los primeros estadios de desarrollo de los ni\u00f1os<\/p>\n<\/li>\n<li id=\"viewer-85lvm\" class=\"roLFQS ULPWlI _3Kjjs public-DraftStyleDefault-unorderedListItem public-DraftStyleDefault-depth0 public-DraftStyleDefault-list-ltr fixed-tab-size _1FoOD _3M0Fe Z63qyL roLFQS\">\n<p class=\"_1j-51 _1FoOD _3M0Fe Z63qyL roLFQS\">Adecuaci\u00f3n en la regulaci\u00f3n que limite los usos de sistema de recolecci\u00f3n de datos en usuarios menores de edad.<\/p>\n<\/li>\n<\/ul>\n<p id=\"viewer-e8d0k\" class=\"mm8Nw _1j-51 roLFQS _1FoOD _3M0Fe Z63qyL roLFQS public-DraftStyleDefault-block-depth0 fixed-tab-size public-DraftStyleDefault-text-ltr\"><span class=\"_2PHJq public-DraftStyleDefault-ltr\">Pod\u00e9is acceder al <a class=\"_3Bkfb _1lsz7\" href=\"https:\/\/drive.google.com\/file\/d\/1LG1ygUOVE5xPI3UObVdUOPdf1pT2ZLg1\/view\" target=\"_blank\" rel=\"noopener noreferrer\" data-hook=\"linkViewer\"><u class=\"_3zM-5\">contenido completo del manifiesto aqu\u00ed<\/u><\/a><br \/>\n<\/span><\/p>\n<div data-hook=\"rcv-block18\"><\/div>\n<div id=\"viewer-fp8d6\" class=\"mm8Nw _1j-51 roLFQS _1FoOD _3M0Fe Z63qyL roLFQS public-DraftStyleDefault-block-depth0 fixed-tab-size public-DraftStyleDefault-text-ltr\"><\/div>\n","protected":false},"excerpt":{"rendered":"<p>V\u00eddeo de la psicopedagoga Anna Ramis es uno de los referentes pedag\u00f3gicos en lo relativo al uso (o desuso) de las pantallas en la infancia. Anna es la promotora de la campa\u00f1a de concienciaci\u00f3n sobre el uso de las pantallas en edades tempranas #de0a3pantallesres y autora de libros sobre la materia como De 0 a [&hellip;]<\/p>\n","protected":false},"author":3,"featured_media":3469,"comment_status":"closed","ping_status":"closed","sticky":false,"template":"","format":"video","meta":{"footnotes":""},"categories":[182,49],"tags":[],"class_list":["post-3468","post","type-post","status-publish","format-video","has-post-thumbnail","hentry","category-uso-de-pantallas","category-videos","post_format-post-format-video"],"_links":{"self":[{"href":"https:\/\/escuelasaludable.org\/index.php?rest_route=\/wp\/v2\/posts\/3468","targetHints":{"allow":["GET"]}}],"collection":[{"href":"https:\/\/escuelasaludable.org\/index.php?rest_route=\/wp\/v2\/posts"}],"about":[{"href":"https:\/\/escuelasaludable.org\/index.php?rest_route=\/wp\/v2\/types\/post"}],"author":[{"embeddable":true,"href":"https:\/\/escuelasaludable.org\/index.php?rest_route=\/wp\/v2\/users\/3"}],"replies":[{"embeddable":true,"href":"https:\/\/escuelasaludable.org\/index.php?rest_route=%2Fwp%2Fv2%2Fcomments&post=3468"}],"version-history":[{"count":1,"href":"https:\/\/escuelasaludable.org\/index.php?rest_route=\/wp\/v2\/posts\/3468\/revisions"}],"predecessor-version":[{"id":3470,"href":"https:\/\/escuelasaludable.org\/index.php?rest_route=\/wp\/v2\/posts\/3468\/revisions\/3470"}],"wp:featuredmedia":[{"embeddable":true,"href":"https:\/\/escuelasaludable.org\/index.php?rest_route=\/wp\/v2\/media\/3469"}],"wp:attachment":[{"href":"https:\/\/escuelasaludable.org\/index.php?rest_route=%2Fwp%2Fv2%2Fmedia&parent=3468"}],"wp:term":[{"taxonomy":"category","embeddable":true,"href":"https:\/\/escuelasaludable.org\/index.php?rest_route=%2Fwp%2Fv2%2Fcategories&post=3468"},{"taxonomy":"post_tag","embeddable":true,"href":"https:\/\/escuelasaludable.org\/index.php?rest_route=%2Fwp%2Fv2%2Ftags&post=3468"}],"curies":[{"name":"wp","href":"https:\/\/api.w.org\/{rel}","templated":true}]}}